{"id":2720,"date":"2017-09-26T08:28:57","date_gmt":"2017-09-26T08:28:57","guid":{"rendered":"http:\/\/hasiciprzno.cz\/?p=2720"},"modified":"2017-09-26T08:28:57","modified_gmt":"2017-09-26T08:28:57","slug":"nove-terminy-treninku-od-rijna-2017","status":"publish","type":"post","link":"http:\/\/hasiciprzno.cz\/?p=2720","title":{"rendered":"Nov\u00e9 term\u00edny tr\u00e9nink\u016f od \u0159\u00edjna 2017"},"content":{"rendered":"<p>Od \u0159\u00edjna tr\u00e9nujeme v t\u011blocvi\u010dn\u011b, pros\u00edme noste p\u0159ez\u016fvky do t\u011blocvi\u010dny a pit\u00ed.<br \/>\nM\u00e1me zm\u011bnu \u010dasu: od 16:00 do 17:30 maj\u00ed tr\u00e9nink mlad\u0161\u00ed a star\u0161\u00ed, od 17:00 do 18:30 m\u00e1 tr\u00e9nink dorost !<br \/>\n13.10. od 17:00 prob\u011bhne v t\u011blocvi\u010dn\u011b informativn\u00ed sch\u016fzka pro rodi\u010de.<br \/>\nPros\u00edme rodi\u010de d\u011bt\u00ed, kter\u00e9 u\u017e nebudou chodit do hasi\u010de o vracen\u00ed mikiny a k\u0161iltovky.<\/p>\n<p>21.10. m\u00e1me sout\u011b\u017e v Metylovic\u00edch (v\u0161estrannost), na z\u00e1vody byli vybr\u00e1ni mlad\u0161\u00ed:<br \/>\nNikolka Pavelcov\u00e1, Katka Zemanov\u00e1, Johanka Muro\u0148ov\u00e1, Bar\u010da Pracha\u0159ov\u00e1, Ema Pek\u00e1rkov\u00e1, n\u00e1hradn\u00edk Mi\u0161a Jaro\u0161ov\u00e1.<br \/>\nstar\u0161\u00ed:<br \/>\nOndra Muro\u0148, Mat\u011bj Pracha\u0159, Nela Pracha\u0159ov\u00e1, Luk\u00e1\u0161 Muro\u0148, Jakub Adamec, n\u00e1hradn\u00edk Katka Vlachov\u00e1<br \/>\ndorost:<br \/>\ncel\u00e1 parta \ud83d\ude09<\/p>\n<p>cel\u00e1 \u0159\u00edjnov\u00fd kalend\u00e1\u0159 najdete zde: <a href=\"http:\/\/hasiciprzno.cz\/?page_id=806\">Tr\u00e9ninky<\/a><\/p>\n","protected":false},"excerpt":{"rendered":"<p>Od \u0159\u00edjna tr\u00e9nujeme v t\u011blocvi\u010dn\u011b, pros\u00edme noste p\u0159ez\u016fvky do t\u011blocvi\u010dny a pit\u00ed. M\u00e1me zm\u011bnu \u010dasu: od 16:00 do 17:30 maj\u00ed tr\u00e9nink mlad\u0161\u00ed a star\u0161\u00ed, od 17:00 do 18:30 m\u00e1 tr\u00e9nink dorost ! 13.10. od 17:00 prob\u011bhne v t\u011blocvi\u010dn\u011b informativn\u00ed sch\u016fzka pro rodi\u010de. Pros\u00edme rodi\u010de d\u011bt\u00ed, kter\u00e9 u\u017e nebudou chodit do hasi\u010de o vracen\u00ed mikiny a&#8230; <\/p>\n<div class=\"link-more\"><a href=\"http:\/\/hasiciprzno.cz\/?p=2720\">\u010c\u00edst d\u00e1le<\/a><\/div>\n","protected":false},"author":1,"featured_media":982,"comment_status":"open","ping_status":"open","sticky":false,"template":"","format":"standard","meta":{"footnotes":""},"categories":[1],"tags":[],"post_mailing_queue_ids":[],"_links":{"self":[{"href":"http:\/\/hasiciprzno.cz\/index.php?rest_route=\/wp\/v2\/posts\/2720"}],"collection":[{"href":"http:\/\/hasiciprzno.cz\/index.php?rest_route=\/wp\/v2\/posts"}],"about":[{"href":"http:\/\/hasiciprzno.cz\/index.php?rest_route=\/wp\/v2\/types\/post"}],"author":[{"embeddable":true,"href":"http:\/\/hasiciprzno.cz\/index.php?rest_route=\/wp\/v2\/users\/1"}],"replies":[{"embeddable":true,"href":"http:\/\/hasiciprzno.cz\/index.php?rest_route=%2Fwp%2Fv2%2Fcomments&post=2720"}],"version-history":[{"count":1,"href":"http:\/\/hasiciprzno.cz\/index.php?rest_route=\/wp\/v2\/posts\/2720\/revisions"}],"predecessor-version":[{"id":2721,"href":"http:\/\/hasiciprzno.cz\/index.php?rest_route=\/wp\/v2\/posts\/2720\/revisions\/2721"}],"wp:featuredmedia":[{"embeddable":true,"href":"http:\/\/hasiciprzno.cz\/index.php?rest_route=\/wp\/v2\/media\/982"}],"wp:attachment":[{"href":"http:\/\/hasiciprzno.cz\/index.php?rest_route=%2Fwp%2Fv2%2Fmedia&parent=2720"}],"wp:term":[{"taxonomy":"category","embeddable":true,"href":"http:\/\/hasiciprzno.cz\/index.php?rest_route=%2Fwp%2Fv2%2Fcategories&post=2720"},{"taxonomy":"post_tag","embeddable":true,"href":"http:\/\/hasiciprzno.cz\/index.php?rest_route=%2Fwp%2Fv2%2Ftags&post=2720"}],"curies":[{"name":"wp","href":"https:\/\/api.w.org\/{rel}","templated":true}]}}