{"id":5000,"date":"2018-11-30T12:30:39","date_gmt":"2018-11-30T12:30:39","guid":{"rendered":"http:\/\/hasiciprzno.cz\/?p=5000"},"modified":"2018-11-30T12:30:39","modified_gmt":"2018-11-30T12:30:39","slug":"100-vyroci-vzniku-samostatneho-statu","status":"publish","type":"post","link":"http:\/\/hasiciprzno.cz\/?p=5000","title":{"rendered":"100. v\u00fdro\u010d\u00ed vzniku samostatn\u00e9ho st\u00e1tu."},"content":{"rendered":"<p>Mlad\u00ed hasi\u010di se z\u00fa\u010dastnili vysazen\u00ed pam\u00e1tn\u00e9ho stromu L\u00edpa Olgy Havlov\u00e9 roste v Pr\u017en\u011b na severu Moravy. V r\u00e1mci oslav 100 let od zalo\u017een\u00ed \u010ceskoslovenska ji tam zasadil starosta Petr Blok\u0161a.<\/p>\n<p>Podrobn\u011bj\u0161\u00ed informac\u00ed o projektu Olgy Havlov\u00e9\u00a0<a href=\"http:\/\/www.vdv.cz\/o-nadaci\/olga-havlova\/\" target=\"_blank\" rel=\"noopener\">ZDE<\/a>.<\/p>\n<p><a href=\"http:\/\/www.vdv.cz\/\">Web projektu vdv.<\/a><\/p>\n<p>Facebook:\u00a0<a href=\"https:\/\/www.facebook.com\/vybor.dobre.vule\/\">FB vdv<\/a><\/p>\n<p>&nbsp;<\/p>\n<div id='gallery-1' class='gallery galleryid-5000 gallery-columns-3 gallery-size-thumbnail'><figure class='gallery-item'>\n\t\t\t<div class='gallery-icon portrait'>\n\t\t\t\t<a href='http:\/\/hasiciprzno.cz\/?attachment_id=5001'><img width=\"150\" height=\"150\" src=\"http:\/\/hasiciprzno.cz\/wp-content\/uploads\/2018\/11\/01af61df06ed6b245aa4b56adf927eaa0a8e3bf3b9-150x150.jpg\" class=\"attachment-thumbnail size-thumbnail\" alt=\"\" decoding=\"async\" loading=\"lazy\" \/><\/a>\n\t\t\t<\/div><\/figure><figure class='gallery-item'>\n\t\t\t<div class='gallery-icon portrait'>\n\t\t\t\t<a href='http:\/\/hasiciprzno.cz\/?attachment_id=5002'><img width=\"150\" height=\"150\" src=\"http:\/\/hasiciprzno.cz\/wp-content\/uploads\/2018\/11\/01bd46777336aca7de812ffaa073dd14173f862158-150x150.jpg\" class=\"attachment-thumbnail size-thumbnail\" alt=\"\" decoding=\"async\" loading=\"lazy\" \/><\/a>\n\t\t\t<\/div><\/figure><figure class='gallery-item'>\n\t\t\t<div class='gallery-icon portrait'>\n\t\t\t\t<a href='http:\/\/hasiciprzno.cz\/?attachment_id=5003'><img width=\"150\" height=\"150\" src=\"http:\/\/hasiciprzno.cz\/wp-content\/uploads\/2018\/11\/01d1b905067d10231829316e266bfd9bc081b7986e-150x150.jpg\" class=\"attachment-thumbnail size-thumbnail\" alt=\"\" decoding=\"async\" loading=\"lazy\" \/><\/a>\n\t\t\t<\/div><\/figure><figure class='gallery-item'>\n\t\t\t<div class='gallery-icon portrait'>\n\t\t\t\t<a href='http:\/\/hasiciprzno.cz\/?attachment_id=5004'><img width=\"150\" height=\"150\" src=\"http:\/\/hasiciprzno.cz\/wp-content\/uploads\/2018\/11\/01d25f069d5da3bfc8faa4b7bdd98899953d527d4f-150x150.jpg\" class=\"attachment-thumbnail size-thumbnail\" alt=\"\" decoding=\"async\" loading=\"lazy\" \/><\/a>\n\t\t\t<\/div><\/figure><figure class='gallery-item'>\n\t\t\t<div class='gallery-icon landscape'>\n\t\t\t\t<a href='http:\/\/hasiciprzno.cz\/?attachment_id=5005'><img width=\"150\" height=\"150\" src=\"http:\/\/hasiciprzno.cz\/wp-content\/uploads\/2018\/11\/01d957d14758391ecf6868e4f74997b3f3ee07c183-150x150.jpg\" class=\"attachment-thumbnail size-thumbnail\" alt=\"\" decoding=\"async\" loading=\"lazy\" \/><\/a>\n\t\t\t<\/div><\/figure><figure class='gallery-item'>\n\t\t\t<div class='gallery-icon portrait'>\n\t\t\t\t<a href='http:\/\/hasiciprzno.cz\/?attachment_id=5006'><img width=\"150\" height=\"150\" src=\"http:\/\/hasiciprzno.cz\/wp-content\/uploads\/2018\/11\/01db20abebf6667e8c8279de02064eb3291b24ce56-150x150.jpg\" class=\"attachment-thumbnail size-thumbnail\" alt=\"\" decoding=\"async\" loading=\"lazy\" \/><\/a>\n\t\t\t<\/div><\/figure><figure class='gallery-item'>\n\t\t\t<div class='gallery-icon portrait'>\n\t\t\t\t<a href='http:\/\/hasiciprzno.cz\/?attachment_id=5007'><img width=\"150\" height=\"150\" src=\"http:\/\/hasiciprzno.cz\/wp-content\/uploads\/2018\/11\/01eb7b0a2aaf0f488d51c2e08557e30d56932dd4fb-150x150.jpg\" class=\"attachment-thumbnail size-thumbnail\" alt=\"\" decoding=\"async\" loading=\"lazy\" \/><\/a>\n\t\t\t<\/div><\/figure><figure class='gallery-item'>\n\t\t\t<div class='gallery-icon portrait'>\n\t\t\t\t<a href='http:\/\/hasiciprzno.cz\/?attachment_id=5008'><img width=\"150\" height=\"150\" src=\"http:\/\/hasiciprzno.cz\/wp-content\/uploads\/2018\/11\/01f4cf58f3c7f62579ec60b79e6f4952e404552c90-150x150.jpg\" class=\"attachment-thumbnail size-thumbnail\" alt=\"\" decoding=\"async\" loading=\"lazy\" \/><\/a>\n\t\t\t<\/div><\/figure><figure class='gallery-item'>\n\t\t\t<div class='gallery-icon portrait'>\n\t\t\t\t<a href='http:\/\/hasiciprzno.cz\/?attachment_id=5009'><img width=\"150\" height=\"150\" src=\"http:\/\/hasiciprzno.cz\/wp-content\/uploads\/2018\/11\/010e939b9dc25e64f175f43dbe314ea83b1fef834a-150x150.jpg\" class=\"attachment-thumbnail size-thumbnail\" alt=\"\" decoding=\"async\" loading=\"lazy\" \/><\/a>\n\t\t\t<\/div><\/figure><figure class='gallery-item'>\n\t\t\t<div class='gallery-icon landscape'>\n\t\t\t\t<a href='http:\/\/hasiciprzno.cz\/?attachment_id=5010'><img width=\"150\" height=\"150\" src=\"http:\/\/hasiciprzno.cz\/wp-content\/uploads\/2018\/11\/016deb005c18d8f1516e4fca0f26e8bfb21efe7c80-150x150.jpg\" class=\"attachment-thumbnail size-thumbnail\" alt=\"\" decoding=\"async\" loading=\"lazy\" \/><\/a>\n\t\t\t<\/div><\/figure><figure class='gallery-item'>\n\t\t\t<div class='gallery-icon portrait'>\n\t\t\t\t<a href='http:\/\/hasiciprzno.cz\/?attachment_id=5011'><img width=\"150\" height=\"150\" src=\"http:\/\/hasiciprzno.cz\/wp-content\/uploads\/2018\/11\/01684fba8e5ec2b865f7b2e779b73aec5e7a39b8fd-150x150.jpg\" class=\"attachment-thumbnail size-thumbnail\" alt=\"\" decoding=\"async\" loading=\"lazy\" \/><\/a>\n\t\t\t<\/div><\/figure><figure class='gallery-item'>\n\t\t\t<div class='gallery-icon portrait'>\n\t\t\t\t<a href='http:\/\/hasiciprzno.cz\/?attachment_id=5012'><img width=\"150\" height=\"150\" src=\"http:\/\/hasiciprzno.cz\/wp-content\/uploads\/2018\/11\/011485287bebce5e4c546319d44510c275166e307d-150x150.jpg\" class=\"attachment-thumbnail size-thumbnail\" alt=\"\" decoding=\"async\" loading=\"lazy\" \/><\/a>\n\t\t\t<\/div><\/figure>\n\t\t<\/div>\n\n","protected":false},"excerpt":{"rendered":"<p>Mlad\u00ed hasi\u010di se z\u00fa\u010dastnili vysazen\u00ed pam\u00e1tn\u00e9ho stromu L\u00edpa Olgy Havlov\u00e9 roste v Pr\u017en\u011b na severu Moravy. V r\u00e1mci oslav 100 let od zalo\u017een\u00ed \u010ceskoslovenska ji tam zasadil starosta Petr Blok\u0161a. Podrobn\u011bj\u0161\u00ed informac\u00ed o projektu Olgy Havlov\u00e9\u00a0ZDE. Web projektu vdv. Facebook:\u00a0FB vdv &nbsp;<\/p>\n","protected":false},"author":2,"featured_media":5005,"comment_status":"open","ping_status":"open","sticky":false,"template":"","format":"standard","meta":{"footnotes":""},"categories":[1],"tags":[],"post_mailing_queue_ids":[],"_links":{"self":[{"href":"http:\/\/hasiciprzno.cz\/index.php?rest_route=\/wp\/v2\/posts\/5000"}],"collection":[{"href":"http:\/\/hasiciprzno.cz\/index.php?rest_route=\/wp\/v2\/posts"}],"about":[{"href":"http:\/\/hasiciprzno.cz\/index.php?rest_route=\/wp\/v2\/types\/post"}],"author":[{"embeddable":true,"href":"http:\/\/hasiciprzno.cz\/index.php?rest_route=\/wp\/v2\/users\/2"}],"replies":[{"embeddable":true,"href":"http:\/\/hasiciprzno.cz\/index.php?rest_route=%2Fwp%2Fv2%2Fcomments&post=5000"}],"version-history":[{"count":3,"href":"http:\/\/hasiciprzno.cz\/index.php?rest_route=\/wp\/v2\/posts\/5000\/revisions"}],"predecessor-version":[{"id":5015,"href":"http:\/\/hasiciprzno.cz\/index.php?rest_route=\/wp\/v2\/posts\/5000\/revisions\/5015"}],"wp:featuredmedia":[{"embeddable":true,"href":"http:\/\/hasiciprzno.cz\/index.php?rest_route=\/wp\/v2\/media\/5005"}],"wp:attachment":[{"href":"http:\/\/hasiciprzno.cz\/index.php?rest_route=%2Fwp%2Fv2%2Fmedia&parent=5000"}],"wp:term":[{"taxonomy":"category","embeddable":true,"href":"http:\/\/hasiciprzno.cz\/index.php?rest_route=%2Fwp%2Fv2%2Fcategories&post=5000"},{"taxonomy":"post_tag","embeddable":true,"href":"http:\/\/hasiciprzno.cz\/index.php?rest_route=%2Fwp%2Fv2%2Ftags&post=5000"}],"curies":[{"name":"wp","href":"https:\/\/api.w.org\/{rel}","templated":true}]}}