{"id":7128,"date":"2025-08-04T18:43:13","date_gmt":"2025-08-04T18:43:13","guid":{"rendered":"https:\/\/hasiciprzno.cz\/?p=7128"},"modified":"2025-08-04T18:43:15","modified_gmt":"2025-08-04T18:43:15","slug":"informace-k-taboru","status":"publish","type":"post","link":"http:\/\/hasiciprzno.cz\/?p=7128","title":{"rendered":"Informace k t\u00e1boru"},"content":{"rendered":"\n<h3 class=\"wp-block-heading\">P\u0159\u00edm\u011bstsk\u00fd t\u00e1bor SDH Pr\u017eno 2025 \u2013 Bl\u00ed\u017e\u00edme se! \u2600\ufe0f<\/h3>\n\n\n\n<p>Mil\u00ed rodi\u010de,<\/p>\n\n\n\n<p>term\u00edn na\u0161eho <strong>p\u0159\u00edm\u011bstsk\u00e9ho t\u00e1bora (11. 8. \u2013 15. 8. 2025)<\/strong> se nezadr\u017eiteln\u011b bl\u00ed\u017e\u00ed a my u\u017e se moc t\u011b\u0161\u00edme na v\u0161echny mal\u00e9 t\u00e1born\u00edky!<\/p>\n\n\n\n<p>Abychom si spole\u010dn\u011b mohli t\u00e1borov\u00fd t\u00fdden po\u0159\u00e1dn\u011b u\u017e\u00edt, p\u0159ipravili jsme pro v\u00e1s p\u0159ehled d\u016fle\u017eit\u00fdch informac\u00ed:<\/p>\n\n\n\n<p>\ud83d\udd39 <strong>P\u0159\u00edchod d\u011bt\u00ed:<\/strong> ka\u017ed\u00fd den mezi <strong>8:00\u20138:30<\/strong><br>\ud83d\udd39 <strong>Vyzved\u00e1v\u00e1n\u00ed d\u011bt\u00ed:<\/strong> mezi <strong>16:30\u201317:00<\/strong><br>\ud83d\udd39 <strong>M\u00edsto kon\u00e1n\u00ed:<\/strong> hasi\u010dsk\u00e1 zbrojnice SDH Pr\u017eno (za nep\u0159\u00edzniv\u00e9ho po\u010das\u00ed t\u011blocvi\u010dna Z\u0160 Pr\u017eno)<\/p>\n\n\n\n<hr class=\"wp-block-separator has-alpha-channel-opacity\"\/>\n\n\n\n<h3 class=\"wp-block-heading\">\ud83d\udccc Co s sebou?<\/h3>\n\n\n\n<p>Podrobn\u00fd <strong>seznam v\u011bc\u00ed, kter\u00e9 je pot\u0159eba sbalit<\/strong>, najdete v p\u0159ilo\u017een\u00e9m souboru n\u00ed\u017ee.<br>Nezapome\u0148te pros\u00edm:<\/p>\n\n\n\n<ul>\n<li>pohodln\u00e9 a star\u0161\u00ed oble\u010den\u00ed (v\u011bt\u0161inu dne tr\u00e1v\u00edme venku),<\/li>\n\n\n\n<li>podepsanou lahev na pit\u00ed,<\/li>\n\n\n\n<li>mal\u00fd batoh, pl\u00e1\u0161t\u011bnku, opalovac\u00ed kr\u00e9m,<\/li>\n\n\n\n<li>kopii pr\u016fkazky zdravotn\u00ed poji\u0161\u0165ovny (nebo origin\u00e1l k odevzd\u00e1n\u00ed),<\/li>\n\n\n\n<li>\u010destn\u00e9 prohl\u00e1\u0161en\u00ed o bezinfek\u010dnosti.<\/li>\n<\/ul>\n\n\n\n<div class=\"wp-block-file\"><a id=\"wp-block-file--media-4455627a-f412-49df-a3b4-9132e8a0275d\" href=\"https:\/\/hasiciprzno.cz\/wp-content\/uploads\/2025\/08\/Tabor-program-seznam-veci-2025.odt\">Tabor-program-seznam-veci-2025<\/a><a href=\"https:\/\/hasiciprzno.cz\/wp-content\/uploads\/2025\/08\/Tabor-program-seznam-veci-2025.odt\" class=\"wp-block-file__button wp-element-button\" download aria-describedby=\"wp-block-file--media-4455627a-f412-49df-a3b4-9132e8a0275d\">St\u00e1hnout<\/a><\/div>\n\n\n\n<hr class=\"wp-block-separator has-alpha-channel-opacity\"\/>\n\n\n\n<h3 class=\"wp-block-heading\">\ud83d\uddd3\ufe0f Na co se d\u011bti mohou t\u011b\u0161it?<\/h3>\n\n\n\n<p>M\u00e1me p\u0159ipraven\u00fd nabit\u00fd program pln\u00fd her, v\u00fdlet\u016f, dobrodru\u017estv\u00ed i tvo\u0159en\u00ed:<\/p>\n\n\n\n<ul>\n<li>\ud83e\udded <strong>Pond\u011bl\u00ed:<\/strong> Zah\u00e1jen\u00ed, seznamovac\u00ed hry<\/li>\n\n\n\n<li>\ud83c\udf33 <strong>\u00dater\u00fd:<\/strong> Celodenn\u00ed v\u00fdlet \u2013 Marlenka &amp; Lesopark<\/li>\n\n\n\n<li>\ud83d\ude92 <strong>St\u0159eda:<\/strong> Exkurze \u2013 Integrovan\u00e9 bezpe\u010dnostn\u00ed centrum 112<\/li>\n\n\n\n<li>\ud83d\uddfa\ufe0f <strong>\u010ctvrtek:<\/strong> Dobrodru\u017en\u00e1 stezka a hled\u00e1n\u00ed pokladu<\/li>\n\n\n\n<li>\ud83c\udfde\ufe0f <strong>P\u00e1tek:<\/strong> V\u00fdlet na Pra\u0161ivou, tvo\u0159en\u00ed, sout\u011b\u017ee<\/li>\n<\/ul>\n\n\n\n<p>Program m\u016f\u017ee b\u00fdt upraven podle po\u010das\u00ed. O zm\u011bn\u00e1ch v\u00e1s budeme informovat prost\u0159ednictv\u00edm <strong>WhatsApp skupiny<\/strong>.<\/p>\n\n\n\n<hr class=\"wp-block-separator has-alpha-channel-opacity\"\/>\n\n\n\n<h3 class=\"wp-block-heading\">\ud83c\udf7d\ufe0f Strava a pitn\u00fd re\u017eim<\/h3>\n\n\n\n<p>D\u011btem bude ka\u017ed\u00fd den zaji\u0161t\u011bna <strong>sva\u010dina \u2013 ob\u011bd \u2013 sva\u010dina<\/strong>, stejn\u011b jako pitn\u00fd re\u017eim po cel\u00fd den.<br>Pokud m\u00e1 d\u00edt\u011b dietn\u00ed omezen\u00ed nebo bere l\u00e9ky, informujte n\u00e1s p\u0159edem a v\u0161e p\u0159edejte vedouc\u00edmu p\u0159i p\u0159\u00edchodu.<\/p>\n\n\n\n<hr class=\"wp-block-separator has-alpha-channel-opacity\"\/>\n\n\n\n<p>D\u011bkujeme za d\u016fv\u011bru a t\u011b\u0161\u00edme se na nezapomenuteln\u00fd t\u00fdden s va\u0161imi d\u011btmi!<br>T\u00fdm vedouc\u00edch <\/p>\n","protected":false},"excerpt":{"rendered":"<p>P\u0159\u00edm\u011bstsk\u00fd t\u00e1bor SDH Pr\u017eno 2025 \u2013 Bl\u00ed\u017e\u00edme se! \u2600\ufe0f Mil\u00ed rodi\u010de, term\u00edn na\u0161eho p\u0159\u00edm\u011bstsk\u00e9ho t\u00e1bora (11. 8. \u2013 15. 8. 2025) se nezadr\u017eiteln\u011b bl\u00ed\u017e\u00ed a my u\u017e se moc t\u011b\u0161\u00edme na v\u0161echny mal\u00e9 t\u00e1born\u00edky! Abychom si spole\u010dn\u011b mohli t\u00e1borov\u00fd t\u00fdden po\u0159\u00e1dn\u011b u\u017e\u00edt, p\u0159ipravili jsme pro v\u00e1s p\u0159ehled d\u016fle\u017eit\u00fdch informac\u00ed: \ud83d\udd39 P\u0159\u00edchod d\u011bt\u00ed: ka\u017ed\u00fd den mezi&#8230; <\/p>\n<div class=\"link-more\"><a href=\"http:\/\/hasiciprzno.cz\/?p=7128\">\u010c\u00edst d\u00e1le<\/a><\/div>\n","protected":false},"author":5,"featured_media":7130,"comment_status":"open","ping_status":"open","sticky":false,"template":"","format":"standard","meta":{"footnotes":""},"categories":[1],"tags":[],"post_mailing_queue_ids":[],"_links":{"self":[{"href":"http:\/\/hasiciprzno.cz\/index.php?rest_route=\/wp\/v2\/posts\/7128"}],"collection":[{"href":"http:\/\/hasiciprzno.cz\/index.php?rest_route=\/wp\/v2\/posts"}],"about":[{"href":"http:\/\/hasiciprzno.cz\/index.php?rest_route=\/wp\/v2\/types\/post"}],"author":[{"embeddable":true,"href":"http:\/\/hasiciprzno.cz\/index.php?rest_route=\/wp\/v2\/users\/5"}],"replies":[{"embeddable":true,"href":"http:\/\/hasiciprzno.cz\/index.php?rest_route=%2Fwp%2Fv2%2Fcomments&post=7128"}],"version-history":[{"count":1,"href":"http:\/\/hasiciprzno.cz\/index.php?rest_route=\/wp\/v2\/posts\/7128\/revisions"}],"predecessor-version":[{"id":7131,"href":"http:\/\/hasiciprzno.cz\/index.php?rest_route=\/wp\/v2\/posts\/7128\/revisions\/7131"}],"wp:featuredmedia":[{"embeddable":true,"href":"http:\/\/hasiciprzno.cz\/index.php?rest_route=\/wp\/v2\/media\/7130"}],"wp:attachment":[{"href":"http:\/\/hasiciprzno.cz\/index.php?rest_route=%2Fwp%2Fv2%2Fmedia&parent=7128"}],"wp:term":[{"taxonomy":"category","embeddable":true,"href":"http:\/\/hasiciprzno.cz\/index.php?rest_route=%2Fwp%2Fv2%2Fcategories&post=7128"},{"taxonomy":"post_tag","embeddable":true,"href":"http:\/\/hasiciprzno.cz\/index.php?rest_route=%2Fwp%2Fv2%2Ftags&post=7128"}],"curies":[{"name":"wp","href":"https:\/\/api.w.org\/{rel}","templated":true}]}}