{"id":262,"date":"2016-03-05T10:59:59","date_gmt":"2016-03-05T09:59:59","guid":{"rendered":"https:\/\/hasiciprzno.wordpress.com\/?p=262"},"modified":"2017-02-21T13:46:44","modified_gmt":"2017-02-21T13:46:44","slug":"stafeta-frydek-mistek-5-3-2016","status":"publish","type":"post","link":"https:\/\/hasiciprzno.cz\/?p=262","title":{"rendered":"\u0160tafeta Fr\u00fddek-M\u00edstek 5.3.2016"},"content":{"rendered":"<p>Prvn\u00ed z\u00e1vod sezony prob\u00edhal za\u010d\u00e1tkem b\u0159ezna v are\u00e1lu profesion\u00e1ln\u00edch hasi\u010d\u016f v M\u00edstku na Pavl\u00edkov\u00e9. Jednalo se o hadicovou a uzlovou \u0161tafetu a SDH Pr\u017eno bylo zastoupeno star\u0161\u00edm A i mlad\u0161\u00edm B teamem. Za velk\u00e9 podpory na\u0161ich vedouc\u00edch jsme se v hadicov\u00e9 sout\u011b\u017ei um\u00edstili na 17. m\u00edst\u011b z 24 dru\u017estev a v uzlov\u00e9 na 13. z 24 dru\u017estev. Na za\u010d\u00e1tek to nebylo \u0161patn\u00e9 ! \ud83d\ude42<\/p>\n<p style=\"text-align: center;\"><iframe loading=\"lazy\" width=\"1000\" height=\"563\" src=\"https:\/\/www.youtube.com\/embed\/8oThI298C-I?feature=oembed\" frameborder=\"0\" allowfullscreen><\/iframe><\/p>\n<p style=\"text-align: center;\"><iframe loading=\"lazy\" width=\"1000\" height=\"563\" src=\"https:\/\/www.youtube.com\/embed\/2RxHoX9l8Cw?feature=oembed\" frameborder=\"0\" allowfullscreen><\/iframe><\/p>\n<div id='gallery-1' class='gallery galleryid-262 gallery-columns-3 gallery-size-thumbnail'><figure class='gallery-item'>\n\t\t\t<div class='gallery-icon landscape'>\n\t\t\t\t<a href='https:\/\/hasiciprzno.cz\/?attachment_id=642'><img width=\"150\" height=\"150\" src=\"https:\/\/hasiciprzno.cz\/wp-content\/uploads\/2017\/02\/DSCN7105-150x150.jpg\" class=\"attachment-thumbnail size-thumbnail\" alt=\"\" decoding=\"async\" loading=\"lazy\" \/><\/a>\n\t\t\t<\/div><\/figure><figure class='gallery-item'>\n\t\t\t<div class='gallery-icon landscape'>\n\t\t\t\t<a href='https:\/\/hasiciprzno.cz\/?attachment_id=641'><img width=\"150\" height=\"150\" src=\"https:\/\/hasiciprzno.cz\/wp-content\/uploads\/2017\/02\/DSCN7057-150x150.jpg\" class=\"attachment-thumbnail size-thumbnail\" alt=\"\" decoding=\"async\" loading=\"lazy\" \/><\/a>\n\t\t\t<\/div><\/figure><figure class='gallery-item'>\n\t\t\t<div class='gallery-icon landscape'>\n\t\t\t\t<a href='https:\/\/hasiciprzno.cz\/?attachment_id=640'><img width=\"150\" height=\"150\" src=\"https:\/\/hasiciprzno.cz\/wp-content\/uploads\/2017\/02\/DSCN7054-150x150.jpg\" class=\"attachment-thumbnail size-thumbnail\" alt=\"\" decoding=\"async\" loading=\"lazy\" \/><\/a>\n\t\t\t<\/div><\/figure><figure class='gallery-item'>\n\t\t\t<div class='gallery-icon landscape'>\n\t\t\t\t<a href='https:\/\/hasiciprzno.cz\/?attachment_id=429'><img width=\"150\" height=\"150\" src=\"https:\/\/hasiciprzno.cz\/wp-content\/uploads\/2017\/02\/DSCN7051-150x150.jpg\" class=\"attachment-thumbnail size-thumbnail\" alt=\"\" decoding=\"async\" loading=\"lazy\" \/><\/a>\n\t\t\t<\/div><\/figure>\n\t\t<\/div>\n\n","protected":false},"excerpt":{"rendered":"<p>Prvn\u00ed z\u00e1vod sezony prob\u00edhal za\u010d\u00e1tkem b\u0159ezna v are\u00e1lu profesion\u00e1ln\u00edch hasi\u010d\u016f v M\u00edstku na Pavl\u00edkov\u00e9. Jednalo se o hadicovou a uzlovou \u0161tafetu a SDH Pr\u017eno bylo zastoupeno star\u0161\u00edm A i mlad\u0161\u00edm B teamem. Za velk\u00e9 podpory na\u0161ich vedouc\u00edch jsme se v hadicov\u00e9 sout\u011b\u017ei um\u00edstili na 17. m\u00edst\u011b z 24 dru\u017estev a v uzlov\u00e9 na 13. z&#8230; <\/p>\n<div class=\"link-more\"><a href=\"https:\/\/hasiciprzno.cz\/?p=262\">\u010c\u00edst d\u00e1le<\/a><\/div>\n","protected":false},"author":1,"featured_media":641,"comment_status":"open","ping_status":"open","sticky":false,"template":"","format":"standard","meta":{"footnotes":""},"categories":[1],"tags":[],"post_mailing_queue_ids":[],"_links":{"self":[{"href":"https:\/\/hasiciprzno.cz\/index.php?rest_route=\/wp\/v2\/posts\/262"}],"collection":[{"href":"https:\/\/hasiciprzno.cz\/index.php?rest_route=\/wp\/v2\/posts"}],"about":[{"href":"https:\/\/hasiciprzno.cz\/index.php?rest_route=\/wp\/v2\/types\/post"}],"author":[{"embeddable":true,"href":"https:\/\/hasiciprzno.cz\/index.php?rest_route=\/wp\/v2\/users\/1"}],"replies":[{"embeddable":true,"href":"https:\/\/hasiciprzno.cz\/index.php?rest_route=%2Fwp%2Fv2%2Fcomments&post=262"}],"version-history":[{"count":11,"href":"https:\/\/hasiciprzno.cz\/index.php?rest_route=\/wp\/v2\/posts\/262\/revisions"}],"predecessor-version":[{"id":739,"href":"https:\/\/hasiciprzno.cz\/index.php?rest_route=\/wp\/v2\/posts\/262\/revisions\/739"}],"wp:featuredmedia":[{"embeddable":true,"href":"https:\/\/hasiciprzno.cz\/index.php?rest_route=\/wp\/v2\/media\/641"}],"wp:attachment":[{"href":"https:\/\/hasiciprzno.cz\/index.php?rest_route=%2Fwp%2Fv2%2Fmedia&parent=262"}],"wp:term":[{"taxonomy":"category","embeddable":true,"href":"https:\/\/hasiciprzno.cz\/index.php?rest_route=%2Fwp%2Fv2%2Fcategories&post=262"},{"taxonomy":"post_tag","embeddable":true,"href":"https:\/\/hasiciprzno.cz\/index.php?rest_route=%2Fwp%2Fv2%2Ftags&post=262"}],"curies":[{"name":"wp","href":"https:\/\/api.w.org\/{rel}","templated":true}]}}