{"id":329,"date":"2016-04-16T13:30:26","date_gmt":"2016-04-16T11:30:26","guid":{"rendered":"https:\/\/hasiciprzno.wordpress.com\/?p=329"},"modified":"2017-02-21T13:53:57","modified_gmt":"2017-02-21T13:53:57","slug":"brigada-uklidte-przno","status":"publish","type":"post","link":"https:\/\/hasiciprzno.cz\/?p=329","title":{"rendered":"Brig\u00e1da Ukli\u010fte Pr\u017eno 2016"},"content":{"rendered":"<p>Mlad\u00ed i dosp\u011bl\u00ed hasi\u010di se z\u00fa\u010dastnili celorepublikov\u00e9 akce Ukli\u010fte \u010cesko. Akce se konala ji\u017e po n\u011bkolik\u00e1t\u00e9 a i d\u00edky na\u0161im hasi\u010d\u016fm se poda\u0159ilo Pr\u017eno zase o n\u011bco zkr\u00e1\u0161lit.<\/p>\n<p>N\u011bkter\u00e9 fotky jsme si p\u016fj\u010dili z webu\u00a0<a href=\"http:\/\/www.przno.cz\/cz\/menu\/5\/fotogalerie\/clanek-2720-uklidme-przno-uklidme-cesko\/\">www.przno.cz<\/a><\/p>\n<div id='gallery-1' class='gallery galleryid-329 gallery-columns-3 gallery-size-thumbnail'><figure class='gallery-item'>\n\t\t\t<div class='gallery-icon landscape'>\n\t\t\t\t<a href='https:\/\/hasiciprzno.cz\/?attachment_id=601'><img width=\"150\" height=\"150\" src=\"https:\/\/hasiciprzno.cz\/wp-content\/uploads\/2017\/02\/p1130369-150x150.jpg\" class=\"attachment-thumbnail size-thumbnail\" alt=\"\" decoding=\"async\" loading=\"lazy\" \/><\/a>\n\t\t\t<\/div><\/figure><figure class='gallery-item'>\n\t\t\t<div class='gallery-icon landscape'>\n\t\t\t\t<a href='https:\/\/hasiciprzno.cz\/?attachment_id=600'><img width=\"150\" height=\"150\" src=\"https:\/\/hasiciprzno.cz\/wp-content\/uploads\/2017\/02\/p1130360-150x150.jpg\" class=\"attachment-thumbnail size-thumbnail\" alt=\"\" decoding=\"async\" loading=\"lazy\" \/><\/a>\n\t\t\t<\/div><\/figure><figure class='gallery-item'>\n\t\t\t<div class='gallery-icon landscape'>\n\t\t\t\t<a href='https:\/\/hasiciprzno.cz\/?attachment_id=599'><img width=\"150\" height=\"150\" src=\"https:\/\/hasiciprzno.cz\/wp-content\/uploads\/2017\/02\/odpady2-150x150.jpg\" class=\"attachment-thumbnail size-thumbnail\" alt=\"\" decoding=\"async\" loading=\"lazy\" \/><\/a>\n\t\t\t<\/div><\/figure><figure class='gallery-item'>\n\t\t\t<div class='gallery-icon landscape'>\n\t\t\t\t<a href='https:\/\/hasiciprzno.cz\/?attachment_id=598'><img width=\"150\" height=\"150\" src=\"https:\/\/hasiciprzno.cz\/wp-content\/uploads\/2017\/02\/13063422_600604213428810_5040025511751068148_o-150x150.jpg\" class=\"attachment-thumbnail size-thumbnail\" alt=\"\" decoding=\"async\" loading=\"lazy\" \/><\/a>\n\t\t\t<\/div><\/figure><figure class='gallery-item'>\n\t\t\t<div class='gallery-icon landscape'>\n\t\t\t\t<a href='https:\/\/hasiciprzno.cz\/?attachment_id=597'><img width=\"150\" height=\"150\" src=\"https:\/\/hasiciprzno.cz\/wp-content\/uploads\/2017\/02\/13041090_600601246762440_7903493705651116603_o-150x150.jpg\" class=\"attachment-thumbnail size-thumbnail\" alt=\"\" decoding=\"async\" loading=\"lazy\" \/><\/a>\n\t\t\t<\/div><\/figure><figure class='gallery-item'>\n\t\t\t<div class='gallery-icon landscape'>\n\t\t\t\t<a href='https:\/\/hasiciprzno.cz\/?attachment_id=596'><img width=\"150\" height=\"150\" src=\"https:\/\/hasiciprzno.cz\/wp-content\/uploads\/2017\/02\/13029463_600601560095742_3925595895113457604_o-150x150.jpg\" class=\"attachment-thumbnail size-thumbnail\" alt=\"\" decoding=\"async\" loading=\"lazy\" \/><\/a>\n\t\t\t<\/div><\/figure>\n\t\t<\/div>\n\n","protected":false},"excerpt":{"rendered":"<p>Mlad\u00ed i dosp\u011bl\u00ed hasi\u010di se z\u00fa\u010dastnili celorepublikov\u00e9 akce Ukli\u010fte \u010cesko. Akce se konala ji\u017e po n\u011bkolik\u00e1t\u00e9 a i d\u00edky na\u0161im hasi\u010d\u016fm se poda\u0159ilo Pr\u017eno zase o n\u011bco zkr\u00e1\u0161lit. N\u011bkter\u00e9 fotky jsme si p\u016fj\u010dili z webu\u00a0www.przno.cz<\/p>\n","protected":false},"author":1,"featured_media":600,"comment_status":"open","ping_status":"open","sticky":false,"template":"","format":"standard","meta":{"footnotes":""},"categories":[1],"tags":[],"post_mailing_queue_ids":[],"_links":{"self":[{"href":"https:\/\/hasiciprzno.cz\/index.php?rest_route=\/wp\/v2\/posts\/329"}],"collection":[{"href":"https:\/\/hasiciprzno.cz\/index.php?rest_route=\/wp\/v2\/posts"}],"about":[{"href":"https:\/\/hasiciprzno.cz\/index.php?rest_route=\/wp\/v2\/types\/post"}],"author":[{"embeddable":true,"href":"https:\/\/hasiciprzno.cz\/index.php?rest_route=\/wp\/v2\/users\/1"}],"replies":[{"embeddable":true,"href":"https:\/\/hasiciprzno.cz\/index.php?rest_route=%2Fwp%2Fv2%2Fcomments&post=329"}],"version-history":[{"count":3,"href":"https:\/\/hasiciprzno.cz\/index.php?rest_route=\/wp\/v2\/posts\/329\/revisions"}],"predecessor-version":[{"id":745,"href":"https:\/\/hasiciprzno.cz\/index.php?rest_route=\/wp\/v2\/posts\/329\/revisions\/745"}],"wp:featuredmedia":[{"embeddable":true,"href":"https:\/\/hasiciprzno.cz\/index.php?rest_route=\/wp\/v2\/media\/600"}],"wp:attachment":[{"href":"https:\/\/hasiciprzno.cz\/index.php?rest_route=%2Fwp%2Fv2%2Fmedia&parent=329"}],"wp:term":[{"taxonomy":"category","embeddable":true,"href":"https:\/\/hasiciprzno.cz\/index.php?rest_route=%2Fwp%2Fv2%2Fcategories&post=329"},{"taxonomy":"post_tag","embeddable":true,"href":"https:\/\/hasiciprzno.cz\/index.php?rest_route=%2Fwp%2Fv2%2Ftags&post=329"}],"curies":[{"name":"wp","href":"https:\/\/api.w.org\/{rel}","templated":true}]}}