{"id":349,"date":"2016-04-22T14:32:23","date_gmt":"2016-04-22T12:32:23","guid":{"rendered":"https:\/\/hasiciprzno.wordpress.com\/?p=349"},"modified":"2017-02-15T13:54:07","modified_gmt":"2017-02-15T13:54:07","slug":"navsteva-u-sdh-lubno","status":"publish","type":"post","link":"https:\/\/hasiciprzno.cz\/?p=349","title":{"rendered":"N\u00e1v\u0161t\u011bva u SDH Lubno"},"content":{"rendered":"<p>22. dubna jsme p\u0159ijali pozv\u00e1n\u00ed od dobrovoln\u00fdch hasi\u010d\u016f v sousedn\u00edm Lubn\u011b, abychom si nane\u010disto vyzkou\u0161eli po\u017e\u00e1rn\u00ed \u00fatok.<\/p>\n<p>Cel\u00fd p\u00e1te\u010dn\u00ed tr\u00e9nink jsme tedy str\u00e1vili u\u010den\u00edm se od zku\u0161en\u011bj\u0161\u00edch a nutno i \u0159\u00edci velmi \u00fasp\u011b\u0161n\u00fdch mlad\u00fdch hasi\u010d\u016f z Lubna. Ke konci jsme si to taky mohli vyzkou\u0161et, je\u0161t\u011b ne\u017e za\u010dne sez\u00f3na naostro.<\/p>\n<p><a href=\"http:\/\/hasiciprzno.cz\/wp-content\/uploads\/2017\/02\/Lubno2.jpg\"><img decoding=\"async\" loading=\"lazy\" class=\" wp-image-559 aligncenter\" src=\"http:\/\/hasiciprzno.cz\/wp-content\/uploads\/2017\/02\/Lubno2-300x183.jpg\" alt=\"\" width=\"812\" height=\"495\" srcset=\"https:\/\/hasiciprzno.cz\/wp-content\/uploads\/2017\/02\/Lubno2-300x183.jpg 300w, https:\/\/hasiciprzno.cz\/wp-content\/uploads\/2017\/02\/Lubno2-768x469.jpg 768w, https:\/\/hasiciprzno.cz\/wp-content\/uploads\/2017\/02\/Lubno2-1024x625.jpg 1024w, https:\/\/hasiciprzno.cz\/wp-content\/uploads\/2017\/02\/Lubno2-491x300.jpg 491w, https:\/\/hasiciprzno.cz\/wp-content\/uploads\/2017\/02\/Lubno2.jpg 1481w\" sizes=\"(max-width: 812px) 100vw, 812px\" \/><\/a><\/p>\n","protected":false},"excerpt":{"rendered":"<p>22. dubna jsme p\u0159ijali pozv\u00e1n\u00ed od dobrovoln\u00fdch hasi\u010d\u016f v sousedn\u00edm Lubn\u011b, abychom si nane\u010disto vyzkou\u0161eli po\u017e\u00e1rn\u00ed \u00fatok. Cel\u00fd p\u00e1te\u010dn\u00ed tr\u00e9nink jsme tedy str\u00e1vili u\u010den\u00edm se od zku\u0161en\u011bj\u0161\u00edch a nutno i \u0159\u00edci velmi \u00fasp\u011b\u0161n\u00fdch mlad\u00fdch hasi\u010d\u016f z Lubna. Ke konci jsme si to taky mohli vyzkou\u0161et, je\u0161t\u011b ne\u017e za\u010dne sez\u00f3na naostro.<\/p>\n","protected":false},"author":1,"featured_media":558,"comment_status":"open","ping_status":"open","sticky":false,"template":"","format":"standard","meta":{"footnotes":""},"categories":[1],"tags":[],"post_mailing_queue_ids":[],"_links":{"self":[{"href":"https:\/\/hasiciprzno.cz\/index.php?rest_route=\/wp\/v2\/posts\/349"}],"collection":[{"href":"https:\/\/hasiciprzno.cz\/index.php?rest_route=\/wp\/v2\/posts"}],"about":[{"href":"https:\/\/hasiciprzno.cz\/index.php?rest_route=\/wp\/v2\/types\/post"}],"author":[{"embeddable":true,"href":"https:\/\/hasiciprzno.cz\/index.php?rest_route=\/wp\/v2\/users\/1"}],"replies":[{"embeddable":true,"href":"https:\/\/hasiciprzno.cz\/index.php?rest_route=%2Fwp%2Fv2%2Fcomments&post=349"}],"version-history":[{"count":3,"href":"https:\/\/hasiciprzno.cz\/index.php?rest_route=\/wp\/v2\/posts\/349\/revisions"}],"predecessor-version":[{"id":594,"href":"https:\/\/hasiciprzno.cz\/index.php?rest_route=\/wp\/v2\/posts\/349\/revisions\/594"}],"wp:featuredmedia":[{"embeddable":true,"href":"https:\/\/hasiciprzno.cz\/index.php?rest_route=\/wp\/v2\/media\/558"}],"wp:attachment":[{"href":"https:\/\/hasiciprzno.cz\/index.php?rest_route=%2Fwp%2Fv2%2Fmedia&parent=349"}],"wp:term":[{"taxonomy":"category","embeddable":true,"href":"https:\/\/hasiciprzno.cz\/index.php?rest_route=%2Fwp%2Fv2%2Fcategories&post=349"},{"taxonomy":"post_tag","embeddable":true,"href":"https:\/\/hasiciprzno.cz\/index.php?rest_route=%2Fwp%2Fv2%2Ftags&post=349"}],"curies":[{"name":"wp","href":"https:\/\/api.w.org\/{rel}","templated":true}]}}