{"id":5089,"date":"2019-02-11T20:48:27","date_gmt":"2019-02-11T20:48:27","guid":{"rendered":"http:\/\/hasiciprzno.cz\/?p=5089"},"modified":"2019-02-11T20:48:27","modified_gmt":"2019-02-11T20:48:27","slug":"prvni-soutez-v-letosnim-roce","status":"publish","type":"post","link":"https:\/\/hasiciprzno.cz\/?p=5089","title":{"rendered":"Prvn\u00ed sout\u011b\u017e v leto\u0161n\u00edm roce"},"content":{"rendered":"<p>III.ro\u010dn\u00edk halov\u00e9 sout\u011b\u017ee O poh\u00e1r starosty obce &#8222;Ra\u0161kovick\u00fd Ra\u0161\u00e1k&#8220;.\u00a0 Kter\u00e1 se konala 9. \u00fanora. Letos se z\u00fa\u010dastnili star\u0161\u00ed \u017e\u00e1ci a dorost.<\/p>\n<div id='gallery-1' class='gallery galleryid-5089 gallery-columns-3 gallery-size-thumbnail'><figure class='gallery-item'>\n\t\t\t<div class='gallery-icon landscape'>\n\t\t\t\t<a href='https:\/\/hasiciprzno.cz\/?attachment_id=5091'><img width=\"150\" height=\"150\" src=\"https:\/\/hasiciprzno.cz\/wp-content\/uploads\/2019\/02\/52165066_1224786474345569_2428157467281063936_n-150x150.jpg\" class=\"attachment-thumbnail size-thumbnail\" alt=\"\" decoding=\"async\" loading=\"lazy\" \/><\/a>\n\t\t\t<\/div><\/figure><figure class='gallery-item'>\n\t\t\t<div class='gallery-icon landscape'>\n\t\t\t\t<a href='https:\/\/hasiciprzno.cz\/?attachment_id=5092'><img width=\"150\" height=\"150\" src=\"https:\/\/hasiciprzno.cz\/wp-content\/uploads\/2019\/02\/51830232_372409333582663_1145756876386861056_n-150x150.jpg\" class=\"attachment-thumbnail size-thumbnail\" alt=\"\" decoding=\"async\" loading=\"lazy\" \/><\/a>\n\t\t\t<\/div><\/figure><figure class='gallery-item'>\n\t\t\t<div class='gallery-icon landscape'>\n\t\t\t\t<a href='https:\/\/hasiciprzno.cz\/?attachment_id=5093'><img width=\"150\" height=\"150\" src=\"https:\/\/hasiciprzno.cz\/wp-content\/uploads\/2019\/02\/52263555_300095750700891_4176863628164595712_n-150x150.jpg\" class=\"attachment-thumbnail size-thumbnail\" alt=\"\" decoding=\"async\" loading=\"lazy\" \/><\/a>\n\t\t\t<\/div><\/figure><figure class='gallery-item'>\n\t\t\t<div class='gallery-icon landscape'>\n\t\t\t\t<a href='https:\/\/hasiciprzno.cz\/?attachment_id=5103'><img width=\"150\" height=\"150\" src=\"https:\/\/hasiciprzno.cz\/wp-content\/uploads\/2019\/02\/51607332_546760582487524_7523087513360007168_n-150x150.jpg\" class=\"attachment-thumbnail size-thumbnail\" alt=\"\" decoding=\"async\" loading=\"lazy\" \/><\/a>\n\t\t\t<\/div><\/figure>\n\t\t<\/div>\n\n<!--[if lt IE 9]><script>document.createElement('video');<\/script><![endif]-->\n\t<div class=\"wp-playlist wp-video-playlist wp-playlist-light\">\n\t\t<video controls=\"controls\" preload=\"none\" width=\"978\"\n\t\t height=\"562\"\t><\/video>\n\t<div class=\"wp-playlist-next\"><\/div>\n\t<div class=\"wp-playlist-prev\"><\/div>\n\t<noscript>\n\t<ol>\n\t\t<li><a href='https:\/\/hasiciprzno.cz\/wp-content\/uploads\/2019\/02\/video-1549896725.mp4'>video-1549896725<\/a><\/li><li><a href='https:\/\/hasiciprzno.cz\/wp-content\/uploads\/2019\/02\/video-1549896731.mp4'>video-1549896731<\/a><\/li><li><a href='https:\/\/hasiciprzno.cz\/wp-content\/uploads\/2019\/02\/video-1549896740.mp4'>video-1549896740<\/a><\/li><li><a href='https:\/\/hasiciprzno.cz\/wp-content\/uploads\/2019\/02\/video-1549896747.mp4'>video-1549896747<\/a><\/li><li><a href='https:\/\/hasiciprzno.cz\/wp-content\/uploads\/2019\/02\/video-1549896797.mp4'>video-1549896797<\/a><\/li><li><a href='https:\/\/hasiciprzno.cz\/wp-content\/uploads\/2019\/02\/video-1549896821.mp4'>video-1549896821<\/a><\/li>\t<\/ol>\n\t<\/noscript>\n\t<script type=\"application\/json\" class=\"wp-playlist-script\">{\"type\":\"video\",\"tracklist\":true,\"tracknumbers\":true,\"images\":true,\"artists\":true,\"tracks\":[{\"src\":\"https:\\\/\\\/hasiciprzno.cz\\\/wp-content\\\/uploads\\\/2019\\\/02\\\/video-1549896725.mp4\",\"type\":\"video\\\/mp4\",\"title\":\"video-1549896725\",\"caption\":\"\",\"description\":\"\",\"meta\":{\"length_formatted\":\"0:56\"},\"dimensions\":{\"original\":{\"width\":640,\"height\":368},\"resized\":{\"width\":978,\"height\":562}},\"image\":{\"src\":\"https:\\\/\\\/hasiciprzno.cz\\\/wp-includes\\\/images\\\/media\\\/video.png\",\"width\":48,\"height\":64},\"thumb\":{\"src\":\"https:\\\/\\\/hasiciprzno.cz\\\/wp-includes\\\/images\\\/media\\\/video.png\",\"width\":48,\"height\":64}},{\"src\":\"https:\\\/\\\/hasiciprzno.cz\\\/wp-content\\\/uploads\\\/2019\\\/02\\\/video-1549896731.mp4\",\"type\":\"video\\\/mp4\",\"title\":\"video-1549896731\",\"caption\":\"\",\"description\":\"\",\"meta\":{\"length_formatted\":\"1:02\"},\"dimensions\":{\"original\":{\"width\":640,\"height\":368},\"resized\":{\"width\":978,\"height\":562}},\"image\":{\"src\":\"https:\\\/\\\/hasiciprzno.cz\\\/wp-includes\\\/images\\\/media\\\/video.png\",\"width\":48,\"height\":64},\"thumb\":{\"src\":\"https:\\\/\\\/hasiciprzno.cz\\\/wp-includes\\\/images\\\/media\\\/video.png\",\"width\":48,\"height\":64}},{\"src\":\"https:\\\/\\\/hasiciprzno.cz\\\/wp-content\\\/uploads\\\/2019\\\/02\\\/video-1549896740.mp4\",\"type\":\"video\\\/mp4\",\"title\":\"video-1549896740\",\"caption\":\"\",\"description\":\"\",\"meta\":{\"length_formatted\":\"1:23\"},\"dimensions\":{\"original\":{\"width\":640,\"height\":368},\"resized\":{\"width\":978,\"height\":562}},\"image\":{\"src\":\"https:\\\/\\\/hasiciprzno.cz\\\/wp-includes\\\/images\\\/media\\\/video.png\",\"width\":48,\"height\":64},\"thumb\":{\"src\":\"https:\\\/\\\/hasiciprzno.cz\\\/wp-includes\\\/images\\\/media\\\/video.png\",\"width\":48,\"height\":64}},{\"src\":\"https:\\\/\\\/hasiciprzno.cz\\\/wp-content\\\/uploads\\\/2019\\\/02\\\/video-1549896747.mp4\",\"type\":\"video\\\/mp4\",\"title\":\"video-1549896747\",\"caption\":\"\",\"description\":\"\",\"meta\":{\"length_formatted\":\"1:10\"},\"dimensions\":{\"original\":{\"width\":640,\"height\":368},\"resized\":{\"width\":978,\"height\":562}},\"image\":{\"src\":\"https:\\\/\\\/hasiciprzno.cz\\\/wp-includes\\\/images\\\/media\\\/video.png\",\"width\":48,\"height\":64},\"thumb\":{\"src\":\"https:\\\/\\\/hasiciprzno.cz\\\/wp-includes\\\/images\\\/media\\\/video.png\",\"width\":48,\"height\":64}},{\"src\":\"https:\\\/\\\/hasiciprzno.cz\\\/wp-content\\\/uploads\\\/2019\\\/02\\\/video-1549896797.mp4\",\"type\":\"video\\\/mp4\",\"title\":\"video-1549896797\",\"caption\":\"\",\"description\":\"\",\"meta\":{\"length_formatted\":\"0:21\"},\"dimensions\":{\"original\":{\"width\":640,\"height\":368},\"resized\":{\"width\":978,\"height\":562}},\"image\":{\"src\":\"https:\\\/\\\/hasiciprzno.cz\\\/wp-includes\\\/images\\\/media\\\/video.png\",\"width\":48,\"height\":64},\"thumb\":{\"src\":\"https:\\\/\\\/hasiciprzno.cz\\\/wp-includes\\\/images\\\/media\\\/video.png\",\"width\":48,\"height\":64}},{\"src\":\"https:\\\/\\\/hasiciprzno.cz\\\/wp-content\\\/uploads\\\/2019\\\/02\\\/video-1549896821.mp4\",\"type\":\"video\\\/mp4\",\"title\":\"video-1549896821\",\"caption\":\"\",\"description\":\"\",\"meta\":{\"length_formatted\":\"1:03\"},\"dimensions\":{\"original\":{\"width\":640,\"height\":368},\"resized\":{\"width\":978,\"height\":562}},\"image\":{\"src\":\"https:\\\/\\\/hasiciprzno.cz\\\/wp-includes\\\/images\\\/media\\\/video.png\",\"width\":48,\"height\":64},\"thumb\":{\"src\":\"https:\\\/\\\/hasiciprzno.cz\\\/wp-includes\\\/images\\\/media\\\/video.png\",\"width\":48,\"height\":64}}]}<\/script>\n<\/div>\n\t\n<p>&nbsp;<\/p>\n<p>Den nekon\u010dil a v odpoledn\u00edch hodin\u00e1ch se hasi\u010di z\u00fa\u010dastnili zimn\u00edch her, kter\u00e9 po\u0159\u00e1dalo Pr\u017eno.<\/p>\n<div id='gallery-2' class='gallery galleryid-5089 gallery-columns-3 gallery-size-thumbnail'><figure class='gallery-item'>\n\t\t\t<div class='gallery-icon landscape'>\n\t\t\t\t<a href='https:\/\/hasiciprzno.cz\/?attachment_id=5105'><img width=\"150\" height=\"150\" src=\"https:\/\/hasiciprzno.cz\/wp-content\/uploads\/2019\/02\/51568352_603402033437885_5895895662431567872_n-150x150.jpg\" class=\"attachment-thumbnail size-thumbnail\" alt=\"\" decoding=\"async\" loading=\"lazy\" \/><\/a>\n\t\t\t<\/div><\/figure>\n\t\t<\/div>\n\n","protected":false},"excerpt":{"rendered":"<p>III.ro\u010dn\u00edk halov\u00e9 sout\u011b\u017ee O poh\u00e1r starosty obce &#8222;Ra\u0161kovick\u00fd Ra\u0161\u00e1k&#8220;.\u00a0 Kter\u00e1 se konala 9. \u00fanora. Letos se z\u00fa\u010dastnili star\u0161\u00ed \u017e\u00e1ci a dorost. &nbsp; Den nekon\u010dil a v odpoledn\u00edch hodin\u00e1ch se hasi\u010di z\u00fa\u010dastnili zimn\u00edch her, kter\u00e9 po\u0159\u00e1dalo Pr\u017eno.<\/p>\n","protected":false},"author":2,"featured_media":5103,"comment_status":"open","ping_status":"open","sticky":false,"template":"","format":"standard","meta":{"footnotes":""},"categories":[1],"tags":[],"post_mailing_queue_ids":[],"_links":{"self":[{"href":"https:\/\/hasiciprzno.cz\/index.php?rest_route=\/wp\/v2\/posts\/5089"}],"collection":[{"href":"https:\/\/hasiciprzno.cz\/index.php?rest_route=\/wp\/v2\/posts"}],"about":[{"href":"https:\/\/hasiciprzno.cz\/index.php?rest_route=\/wp\/v2\/types\/post"}],"author":[{"embeddable":true,"href":"https:\/\/hasiciprzno.cz\/index.php?rest_route=\/wp\/v2\/users\/2"}],"replies":[{"embeddable":true,"href":"https:\/\/hasiciprzno.cz\/index.php?rest_route=%2Fwp%2Fv2%2Fcomments&post=5089"}],"version-history":[{"count":3,"href":"https:\/\/hasiciprzno.cz\/index.php?rest_route=\/wp\/v2\/posts\/5089\/revisions"}],"predecessor-version":[{"id":5106,"href":"https:\/\/hasiciprzno.cz\/index.php?rest_route=\/wp\/v2\/posts\/5089\/revisions\/5106"}],"wp:featuredmedia":[{"embeddable":true,"href":"https:\/\/hasiciprzno.cz\/index.php?rest_route=\/wp\/v2\/media\/5103"}],"wp:attachment":[{"href":"https:\/\/hasiciprzno.cz\/index.php?rest_route=%2Fwp%2Fv2%2Fmedia&parent=5089"}],"wp:term":[{"taxonomy":"category","embeddable":true,"href":"https:\/\/hasiciprzno.cz\/index.php?rest_route=%2Fwp%2Fv2%2Fcategories&post=5089"},{"taxonomy":"post_tag","embeddable":true,"href":"https:\/\/hasiciprzno.cz\/index.php?rest_route=%2Fwp%2Fv2%2Ftags&post=5089"}],"curies":[{"name":"wp","href":"https:\/\/api.w.org\/{rel}","templated":true}]}}