{"id":5115,"date":"2019-02-25T16:18:22","date_gmt":"2019-02-25T16:18:22","guid":{"rendered":"http:\/\/hasiciprzno.cz\/?p=5115"},"modified":"2019-03-02T12:10:39","modified_gmt":"2019-03-02T12:10:39","slug":"plan-msl-mh-2019","status":"publish","type":"post","link":"https:\/\/hasiciprzno.cz\/?p=5115","title":{"rendered":"Pl\u00e1n sout\u011b\u017e\u00ed 2019"},"content":{"rendered":"<h1 style=\"text-align: center;\"><span style=\"color: #ff0000;\"><span style=\"font-family: Arial Nova, sans-serif;\"><span style=\"font-size: medium;\"><b><span style=\"font-size: large;\">Sout\u011b\u017ee mlad\u00fdch hasi\u010d\u016f, akce na rok 2019<\/span><\/b><\/span><\/span><\/span><\/h1>\n<p>&nbsp;<\/p>\n<ul>\n<li><span style=\"color: #000000;\"><span style=\"font-family: Arial Nova, sans-serif;\"><span style=\"font-size: medium;\"><b>09.2. Ra\u0161kovice <\/b><\/span><\/span><\/span><\/li>\n<li><span style=\"color: #000000;\"><span style=\"font-family: Arial Nova, sans-serif;\"><span style=\"font-size: medium;\"><b>02.3. M\u00edstek &#8211; hadicov\u00e1, uzlov\u00e1 \u0161tafeta <\/b><\/span><\/span><\/span><\/li>\n<li><span style=\"color: #000000;\"><span style=\"font-family: Arial Nova, sans-serif;\"><span style=\"font-size: medium;\"><b>06.4. Fry\u010dovice &#8211; bra\u0148\u00e1k <\/b><\/span><\/span><\/span><\/li>\n<li><span style=\"color: #000000;\"><span style=\"font-family: Arial Nova, sans-serif;\"><span style=\"font-size: medium;\"><b>04.5. 10:00 Nov\u00e1 Ves <\/b><\/span><\/span><\/span><\/li>\n<li><span style=\"color: #000000;\"><span style=\"font-family: Arial Nova, sans-serif;\"><span style=\"font-size: medium;\"><b>04.5. 13:00 Malenovice <\/b><\/span><\/span><\/span><\/li>\n<li><span style=\"color: #000000;\"><span style=\"font-family: Arial Nova, sans-serif;\"><span style=\"font-size: medium;\"><b>25.5. 8:30 Krmel\u00edn <\/b><\/span><\/span><\/span>\n<ul>\n<li><span style=\"color: #000000;\"> <span style=\"font-family: Arial Nova, sans-serif;\"><span style=\"font-size: medium;\"><b>13:00 Pet\u0159vald\u00edk <\/b><\/span><\/span><\/span><\/li>\n<\/ul>\n<\/li>\n<li><span style=\"color: #000000;\"><span style=\"font-family: Arial Nova, sans-serif;\"><span style=\"font-size: medium;\"><b>26.5. 8:30 Fry\u010dovice <\/b><\/span><\/span><\/span><\/li>\n<li><span style=\"color: #000000;\"><span style=\"font-family: Arial Nova, sans-serif;\"><span style=\"font-size: medium;\"><b>01.6. 10:00 N\u00fddek <\/b><\/span><\/span><\/span>\n<ul>\n<li><span style=\"color: #000000;\"> <span style=\"font-family: Arial Nova, sans-serif;\"><span style=\"font-size: medium;\"><b>13:00 Rychaltice <\/b><\/span><\/span><\/span><\/li>\n<\/ul>\n<\/li>\n<li><span style=\"color: #000000;\"><span style=\"font-family: Arial Nova, sans-serif;\"><span style=\"font-size: medium;\"><b>08.6. 9:00 Hnojn\u00edk <\/b><\/span><\/span><\/span>\n<ul>\n<li><span style=\"color: #000000;\"> <span style=\"font-family: Arial Nova, sans-serif;\"><span style=\"font-size: medium;\"><b>12:30 Lubno <\/b><\/span><\/span><\/span><\/li>\n<\/ul>\n<\/li>\n<li><span style=\"color: #000000;\"><span style=\"font-family: Arial Nova, sans-serif;\"><span style=\"font-size: medium;\"><b>09.6. Ostravice<\/b><\/span><\/span><\/span>\n<ul>\n<li><b style=\"font-size: medium; font-family: 'Arial Nova', sans-serif; color: #000000;\">8:30 Jistebn\u00edk<\/b><\/li>\n<\/ul>\n<\/li>\n<li><span style=\"color: #000000;\"><span style=\"font-family: Arial Nova, sans-serif;\"><span style=\"font-size: medium;\"><b>15.6. 9:00 Trojanovice <\/b><\/span><\/span><\/span>\n<ul>\n<li><span style=\"color: #000000;\"> <span style=\"font-family: Arial Nova, sans-serif;\"><span style=\"font-size: medium;\"><b>Den Obce <\/b><\/span><\/span><\/span><\/li>\n<\/ul>\n<\/li>\n<li><span style=\"color: #000000;\"><span style=\"font-family: Arial Nova, sans-serif;\"><span style=\"font-size: medium;\"><b>16.6. 10:00 Oprechtice <\/b><\/span><\/span><\/span><\/li>\n<li><span style=\"color: #000000;\"><span style=\"font-family: Arial Nova, sans-serif;\"><span style=\"font-size: medium;\"><b>21.6. 19:00 Vy\u0161n\u00ed Lhoty <\/b><\/span><\/span><\/span><\/li>\n<li><span style=\"color: #000000;\"><span style=\"font-family: Arial Nova, sans-serif;\"><span style=\"font-size: medium;\"><b>22.6. 9:00 \u0158epi\u0161t\u011b <\/b><\/span><\/span><\/span>\n<ul>\n<li><span style=\"color: #000000;\"> <span style=\"font-family: Arial Nova, sans-serif;\"><span style=\"font-size: medium;\"><b>9:00 Janovice <\/b><\/span><\/span><\/span><\/li>\n<\/ul>\n<\/li>\n<li><span style=\"color: #000000;\"><span style=\"font-family: Arial Nova, sans-serif;\"><span style=\"font-size: medium;\"><b>29.6. 8:30 Fr\u00fddlant nad Ostravic\u00ed <\/b><\/span><\/span><\/span><\/li>\n<li><span style=\"color: #000000;\"><span style=\"font-family: Arial Nova, sans-serif;\"><span style=\"font-size: medium;\"><b>13.7. 9:00 M\u00edstek-Bahno <\/b><\/span><\/span><\/span>\n<ul>\n<li><span style=\"color: #000000;\"> <span style=\"font-family: Arial Nova, sans-serif;\"><span style=\"font-size: medium;\"><b>10:00 N\u00fddek <\/b><\/span><\/span><\/span><\/li>\n<\/ul>\n<\/li>\n<li><span style=\"color: #000000;\"><span style=\"font-family: Arial Nova, sans-serif;\"><span style=\"font-size: medium;\"><b>20.7. 13:00 Kr\u00e1sn\u00e1 <\/b><\/span><\/span><\/span><\/li>\n<li><span style=\"color: #000000;\"><span style=\"font-family: Arial Nova, sans-serif;\"><span style=\"font-size: medium;\"><b>27.7. Kr\u00e1sn\u00e1 -Mohelnice <\/b><\/span><\/span><\/span><\/li>\n<li><span style=\"color: #000000;\"><span style=\"font-family: Arial Nova, sans-serif;\"><span style=\"font-size: medium;\"><b>03.8. Hukvaldy <\/b><\/span><\/span><\/span><\/li>\n<li><span style=\"color: #000000;\"><span style=\"font-family: Arial Nova, sans-serif;\"><span style=\"font-size: medium;\"><b>10.8. 13:00 Komorn\u00ed Lhotka <\/b><\/span><\/span><\/span>\n<ul>\n<li><span style=\"color: #000000;\"> <span style=\"font-family: Arial Nova, sans-serif;\"><span style=\"font-size: medium;\"><b>14:00 Ra\u0161kovice <\/b><\/span><\/span><\/span><\/li>\n<\/ul>\n<\/li>\n<li><span style=\"color: #000000;\"> <span style=\"font-family: Arial Nova, sans-serif;\"><span style=\"font-size: medium;\"><b>1.8. 20:00 Oprechtice <\/b><\/span><\/span><\/span><\/li>\n<li><span style=\"color: #000000;\"><span style=\"font-family: Arial Nova, sans-serif;\"><span style=\"font-size: medium;\"><b>07.9. 8:30 Bruzovice <\/b><\/span><\/span><\/span><\/li>\n<li><span style=\"color: #000000;\"><span style=\"font-family: Arial Nova, sans-serif;\"><span style=\"font-size: medium;\"><b>08.9. 8:30 Lu\u010dina <\/b><\/span><\/span><\/span><\/li>\n<li><span style=\"color: #000000;\"><span style=\"font-family: Arial Nova, sans-serif;\"><span style=\"font-size: medium;\"><b>14.9. 10:00 Bru\u0161perk <\/b><\/span><\/span><\/span><\/li>\n<li><span style=\"color: #000000;\"><span style=\"font-family: Arial Nova, sans-serif;\"><span style=\"font-size: medium;\"><b>28.9. Kun\u010dice p.O. <\/b><\/span><\/span><\/span><\/li>\n<li><span style=\"color: #000000;\"><span style=\"font-family: Arial Nova, sans-serif;\"><span style=\"font-size: medium;\"><b>19.10.V\u0161estranost<\/b><\/span><\/span><\/span><\/li>\n<\/ul>\n","protected":false},"excerpt":{"rendered":"<p>Sout\u011b\u017ee mlad\u00fdch hasi\u010d\u016f, akce na rok 2019 &nbsp; 09.2. Ra\u0161kovice 02.3. M\u00edstek &#8211; hadicov\u00e1, uzlov\u00e1 \u0161tafeta 06.4. Fry\u010dovice &#8211; bra\u0148\u00e1k 04.5. 10:00 Nov\u00e1 Ves 04.5. 13:00 Malenovice 25.5. 8:30 Krmel\u00edn 13:00 Pet\u0159vald\u00edk 26.5. 8:30 Fry\u010dovice 01.6. 10:00 N\u00fddek 13:00 Rychaltice 08.6. 9:00 Hnojn\u00edk 12:30 Lubno 09.6. Ostravice 8:30 Jistebn\u00edk 15.6. 9:00 Trojanovice Den Obce 16.6&#8230;. <\/p>\n<div class=\"link-more\"><a href=\"https:\/\/hasiciprzno.cz\/?p=5115\">\u010c\u00edst d\u00e1le<\/a><\/div>\n","protected":false},"author":2,"featured_media":5125,"comment_status":"open","ping_status":"open","sticky":false,"template":"","format":"standard","meta":{"footnotes":""},"categories":[1],"tags":[],"post_mailing_queue_ids":[],"_links":{"self":[{"href":"https:\/\/hasiciprzno.cz\/index.php?rest_route=\/wp\/v2\/posts\/5115"}],"collection":[{"href":"https:\/\/hasiciprzno.cz\/index.php?rest_route=\/wp\/v2\/posts"}],"about":[{"href":"https:\/\/hasiciprzno.cz\/index.php?rest_route=\/wp\/v2\/types\/post"}],"author":[{"embeddable":true,"href":"https:\/\/hasiciprzno.cz\/index.php?rest_route=\/wp\/v2\/users\/2"}],"replies":[{"embeddable":true,"href":"https:\/\/hasiciprzno.cz\/index.php?rest_route=%2Fwp%2Fv2%2Fcomments&post=5115"}],"version-history":[{"count":6,"href":"https:\/\/hasiciprzno.cz\/index.php?rest_route=\/wp\/v2\/posts\/5115\/revisions"}],"predecessor-version":[{"id":5126,"href":"https:\/\/hasiciprzno.cz\/index.php?rest_route=\/wp\/v2\/posts\/5115\/revisions\/5126"}],"wp:featuredmedia":[{"embeddable":true,"href":"https:\/\/hasiciprzno.cz\/index.php?rest_route=\/wp\/v2\/media\/5125"}],"wp:attachment":[{"href":"https:\/\/hasiciprzno.cz\/index.php?rest_route=%2Fwp%2Fv2%2Fmedia&parent=5115"}],"wp:term":[{"taxonomy":"category","embeddable":true,"href":"https:\/\/hasiciprzno.cz\/index.php?rest_route=%2Fwp%2Fv2%2Fcategories&post=5115"},{"taxonomy":"post_tag","embeddable":true,"href":"https:\/\/hasiciprzno.cz\/index.php?rest_route=%2Fwp%2Fv2%2Ftags&post=5115"}],"curies":[{"name":"wp","href":"https:\/\/api.w.org\/{rel}","templated":true}]}}