{"id":7066,"date":"2024-01-27T10:36:44","date_gmt":"2024-01-27T10:36:44","guid":{"rendered":"https:\/\/hasiciprzno.cz\/?p=7066"},"modified":"2024-01-27T10:36:45","modified_gmt":"2024-01-27T10:36:45","slug":"hasicsky-letni-primestsky-tabor-2024","status":"publish","type":"post","link":"https:\/\/hasiciprzno.cz\/?p=7066","title":{"rendered":"Hasi\u010dsk\u00fd letn\u00ed p\u0159\u00edm\u011bstsk\u00fd t\u00e1bor 2024"},"content":{"rendered":"\n<p>Zdrav\u00edme rodi\u010de, mlad\u00e9 hasi\u010de a na\u0161e p\u0159\u00edznivce. I letos po\u0159\u00e1d\u00e1me letn\u00ed p\u0159\u00edm\u011bstsk\u00fd t\u00e1bor. Konat se bude v t\u00fddnu od 12.8 do 16.8. Dal\u0161\u00ed podrobn\u00e9 informace, rezervace a p\u0159ihl\u00e1\u0161ky budeme zve\u0159ej\u0148ovat zde na na\u0161ich str\u00e1nk\u00e1ch v pr\u016fb\u011bhu n\u00e1sleduj\u00edc\u00edch m\u011bs\u00edc\u016f. Kapacita je op\u011bt omezena, proto doporu\u010dujeme hl\u00eddat si term\u00edny rezervace a plateb. <\/p>\n\n\n\n<figure class=\"wp-block-image size-large\"><img decoding=\"async\" loading=\"lazy\" width=\"764\" height=\"1080\" src=\"https:\/\/hasiciprzno.cz\/wp-content\/uploads\/2024\/01\/TABOR-24_page-0001-764x1080.jpg\" alt=\"\" class=\"wp-image-7067\" srcset=\"https:\/\/hasiciprzno.cz\/wp-content\/uploads\/2024\/01\/TABOR-24_page-0001-764x1080.jpg 764w, https:\/\/hasiciprzno.cz\/wp-content\/uploads\/2024\/01\/TABOR-24_page-0001-212x300.jpg 212w, https:\/\/hasiciprzno.cz\/wp-content\/uploads\/2024\/01\/TABOR-24_page-0001-768x1086.jpg 768w, https:\/\/hasiciprzno.cz\/wp-content\/uploads\/2024\/01\/TABOR-24_page-0001-1086x1536.jpg 1086w, https:\/\/hasiciprzno.cz\/wp-content\/uploads\/2024\/01\/TABOR-24_page-0001.jpg 1241w\" sizes=\"(max-width: 764px) 100vw, 764px\" \/><\/figure>\n","protected":false},"excerpt":{"rendered":"<p>Zdrav\u00edme rodi\u010de, mlad\u00e9 hasi\u010de a na\u0161e p\u0159\u00edznivce. I letos po\u0159\u00e1d\u00e1me letn\u00ed p\u0159\u00edm\u011bstsk\u00fd t\u00e1bor. Konat se bude v t\u00fddnu od 12.8 do 16.8. Dal\u0161\u00ed podrobn\u00e9 informace, rezervace a p\u0159ihl\u00e1\u0161ky budeme zve\u0159ej\u0148ovat zde na na\u0161ich str\u00e1nk\u00e1ch v pr\u016fb\u011bhu n\u00e1sleduj\u00edc\u00edch m\u011bs\u00edc\u016f. Kapacita je op\u011bt omezena, proto doporu\u010dujeme hl\u00eddat si term\u00edny rezervace a plateb.<\/p>\n","protected":false},"author":5,"featured_media":7069,"comment_status":"open","ping_status":"open","sticky":false,"template":"","format":"standard","meta":{"footnotes":""},"categories":[1],"tags":[],"post_mailing_queue_ids":[],"_links":{"self":[{"href":"https:\/\/hasiciprzno.cz\/index.php?rest_route=\/wp\/v2\/posts\/7066"}],"collection":[{"href":"https:\/\/hasiciprzno.cz\/index.php?rest_route=\/wp\/v2\/posts"}],"about":[{"href":"https:\/\/hasiciprzno.cz\/index.php?rest_route=\/wp\/v2\/types\/post"}],"author":[{"embeddable":true,"href":"https:\/\/hasiciprzno.cz\/index.php?rest_route=\/wp\/v2\/users\/5"}],"replies":[{"embeddable":true,"href":"https:\/\/hasiciprzno.cz\/index.php?rest_route=%2Fwp%2Fv2%2Fcomments&post=7066"}],"version-history":[{"count":1,"href":"https:\/\/hasiciprzno.cz\/index.php?rest_route=\/wp\/v2\/posts\/7066\/revisions"}],"predecessor-version":[{"id":7070,"href":"https:\/\/hasiciprzno.cz\/index.php?rest_route=\/wp\/v2\/posts\/7066\/revisions\/7070"}],"wp:featuredmedia":[{"embeddable":true,"href":"https:\/\/hasiciprzno.cz\/index.php?rest_route=\/wp\/v2\/media\/7069"}],"wp:attachment":[{"href":"https:\/\/hasiciprzno.cz\/index.php?rest_route=%2Fwp%2Fv2%2Fmedia&parent=7066"}],"wp:term":[{"taxonomy":"category","embeddable":true,"href":"https:\/\/hasiciprzno.cz\/index.php?rest_route=%2Fwp%2Fv2%2Fcategories&post=7066"},{"taxonomy":"post_tag","embeddable":true,"href":"https:\/\/hasiciprzno.cz\/index.php?rest_route=%2Fwp%2Fv2%2Ftags&post=7066"}],"curies":[{"name":"wp","href":"https:\/\/api.w.org\/{rel}","templated":true}]}}