{"id":7111,"date":"2025-04-01T15:34:00","date_gmt":"2025-04-01T15:34:00","guid":{"rendered":"https:\/\/hasiciprzno.cz\/?p=7111"},"modified":"2025-04-01T15:34:02","modified_gmt":"2025-04-01T15:34:02","slug":"nas-primestsky-tabor-2025","status":"publish","type":"post","link":"https:\/\/hasiciprzno.cz\/?p=7111","title":{"rendered":"N\u00e1\u0161 p\u0159\u00edm\u011bstsk\u00fd t\u00e1bor 2025"},"content":{"rendered":"\n<p>Zdrav\u00edme rodi\u010de, mlad\u00e9 hasi\u010de a v\u0161echny na\u0161e p\u0159\u00edznivce. Pokud je\u0161t\u011b nev\u00edte co d\u011blat o pr\u00e1zdnin\u00e1ch, tak nezoufejte. M\u016f\u017eete se op\u011bt t\u011b\u0161it na n\u00e1\u0161 hasi\u010dsk\u00fd p\u0159\u00edm\u011bstsk\u00fd t\u00e1bor. B\u011bhem n\u00e1sleduj\u00edc\u00edch t\u00fddn\u016f budeme postupn\u011b p\u0159id\u00e1vat na str\u00e1nky dal\u0161\u00ed informace a odkaz na rezerva\u010dn\u00ed syst\u00e9m. Jako ka\u017edoro\u010dn\u011b je kapacita omezena, proto doporu\u010dujeme si hl\u00eddat rezerva\u010dn\u00ed syst\u00e9m. Na v\u0161echny t\u00e1born\u00edky u\u017e se t\u011b\u0161\u00edme a douf\u00e1me, \u017ee si to spole\u010dn\u011b u\u017eijeme. <\/p>\n\n\n\n<p>V\u00e1\u0161 kolektiv vedouc\u00edch <\/p>\n\n\n\n<p> <\/p>\n\n\n\n<figure class=\"wp-block-gallery has-nested-images columns-default is-cropped wp-block-gallery-1 is-layout-flex wp-block-gallery-is-layout-flex\">\n<figure class=\"wp-block-image size-large\"><img decoding=\"async\" loading=\"lazy\" width=\"1527\" height=\"1080\" data-id=\"7112\" src=\"https:\/\/hasiciprzno.cz\/wp-content\/uploads\/2025\/04\/TABOR-25_page-0001-1527x1080.jpg\" alt=\"\" class=\"wp-image-7112\" srcset=\"https:\/\/hasiciprzno.cz\/wp-content\/uploads\/2025\/04\/TABOR-25_page-0001-1527x1080.jpg 1527w, https:\/\/hasiciprzno.cz\/wp-content\/uploads\/2025\/04\/TABOR-25_page-0001-300x212.jpg 300w, https:\/\/hasiciprzno.cz\/wp-content\/uploads\/2025\/04\/TABOR-25_page-0001-768x543.jpg 768w, https:\/\/hasiciprzno.cz\/wp-content\/uploads\/2025\/04\/TABOR-25_page-0001-1536x1086.jpg 1536w, https:\/\/hasiciprzno.cz\/wp-content\/uploads\/2025\/04\/TABOR-25_page-0001-424x300.jpg 424w, https:\/\/hasiciprzno.cz\/wp-content\/uploads\/2025\/04\/TABOR-25_page-0001.jpg 1755w\" sizes=\"(max-width: 1527px) 100vw, 1527px\" \/><\/figure>\n<\/figure>\n","protected":false},"excerpt":{"rendered":"<p>Zdrav\u00edme rodi\u010de, mlad\u00e9 hasi\u010de a v\u0161echny na\u0161e p\u0159\u00edznivce. Pokud je\u0161t\u011b nev\u00edte co d\u011blat o pr\u00e1zdnin\u00e1ch, tak nezoufejte. M\u016f\u017eete se op\u011bt t\u011b\u0161it na n\u00e1\u0161 hasi\u010dsk\u00fd p\u0159\u00edm\u011bstsk\u00fd t\u00e1bor. B\u011bhem n\u00e1sleduj\u00edc\u00edch t\u00fddn\u016f budeme postupn\u011b p\u0159id\u00e1vat na str\u00e1nky dal\u0161\u00ed informace a odkaz na rezerva\u010dn\u00ed syst\u00e9m. Jako ka\u017edoro\u010dn\u011b je kapacita omezena, proto doporu\u010dujeme si hl\u00eddat rezerva\u010dn\u00ed syst\u00e9m. Na v\u0161echny t\u00e1born\u00edky&#8230; <\/p>\n<div class=\"link-more\"><a href=\"https:\/\/hasiciprzno.cz\/?p=7111\">\u010c\u00edst d\u00e1le<\/a><\/div>\n","protected":false},"author":5,"featured_media":7114,"comment_status":"open","ping_status":"open","sticky":false,"template":"","format":"standard","meta":{"footnotes":""},"categories":[1],"tags":[],"post_mailing_queue_ids":[],"_links":{"self":[{"href":"https:\/\/hasiciprzno.cz\/index.php?rest_route=\/wp\/v2\/posts\/7111"}],"collection":[{"href":"https:\/\/hasiciprzno.cz\/index.php?rest_route=\/wp\/v2\/posts"}],"about":[{"href":"https:\/\/hasiciprzno.cz\/index.php?rest_route=\/wp\/v2\/types\/post"}],"author":[{"embeddable":true,"href":"https:\/\/hasiciprzno.cz\/index.php?rest_route=\/wp\/v2\/users\/5"}],"replies":[{"embeddable":true,"href":"https:\/\/hasiciprzno.cz\/index.php?rest_route=%2Fwp%2Fv2%2Fcomments&post=7111"}],"version-history":[{"count":1,"href":"https:\/\/hasiciprzno.cz\/index.php?rest_route=\/wp\/v2\/posts\/7111\/revisions"}],"predecessor-version":[{"id":7115,"href":"https:\/\/hasiciprzno.cz\/index.php?rest_route=\/wp\/v2\/posts\/7111\/revisions\/7115"}],"wp:featuredmedia":[{"embeddable":true,"href":"https:\/\/hasiciprzno.cz\/index.php?rest_route=\/wp\/v2\/media\/7114"}],"wp:attachment":[{"href":"https:\/\/hasiciprzno.cz\/index.php?rest_route=%2Fwp%2Fv2%2Fmedia&parent=7111"}],"wp:term":[{"taxonomy":"category","embeddable":true,"href":"https:\/\/hasiciprzno.cz\/index.php?rest_route=%2Fwp%2Fv2%2Fcategories&post=7111"},{"taxonomy":"post_tag","embeddable":true,"href":"https:\/\/hasiciprzno.cz\/index.php?rest_route=%2Fwp%2Fv2%2Ftags&post=7111"}],"curies":[{"name":"wp","href":"https:\/\/api.w.org\/{rel}","templated":true}]}}